{"id":8003,"date":"2022-06-06T09:40:06","date_gmt":"2022-06-06T13:40:06","guid":{"rendered":"https:\/\/institutpediatriesociale.com\/non-classifiee\/evaluation-de-la-formation-et-de-lintegration-des-infirmiers-et-infirmieres-en-pediatrie-sociale-en-communaute-2\/"},"modified":"2022-06-06T11:29:35","modified_gmt":"2022-06-06T15:29:35","slug":"evaluation-de-la-formation-et-de-lintegration-des-infirmiers-et-infirmieres-en-pediatrie-sociale-en-communaute-2","status":"publish","type":"post","link":"https:\/\/institutpediatriesociale.com\/en\/publications-en\/evaluation-de-la-formation-et-de-lintegration-des-infirmiers-et-infirmieres-en-pediatrie-sociale-en-communaute-2\/","title":{"rendered":"\u00c9valuation de la formation et de l\u2019int\u00e9gration des infirmiers et infirmi\u00e8res en p\u00e9diatrie sociale en communaut\u00e9"},"content":{"rendered":"\t\t<div data-elementor-type=\"wp-post\" data-elementor-id=\"8003\" class=\"elementor elementor-8003 elementor-4748\" data-elementor-post-type=\"post\">\n\t\t\t\t\t\t<section data-dce-background-color=\"#8ECDC0\" data-dce-background-image-url=\"https:\/\/institutpediatriesociale.com\/wp-content\/uploads\/2020\/04\/bandeau-impacts.jpg\" class=\"elementor-section elementor-top-section elementor-element elementor-element-a37509c elementor-section-height-min-height elementor-section-boxed elementor-section-height-default elementor-section-items-middle\" data-id=\"a37509c\" data-element_type=\"section\" data-e-type=\"section\" data-settings=\"{&quot;background_background&quot;:&quot;classic&quot;}\">\n\t\t\t\t\t\t\t<div class=\"elementor-background-overlay\"><\/div>\n\t\t\t\t\t\t\t<div class=\"elementor-container elementor-column-gap-default\">\n\t\t\t\t\t<div class=\"elementor-column elementor-col-100 elementor-top-column elementor-element elementor-element-40d85aa\" data-id=\"40d85aa\" data-element_type=\"column\" data-e-type=\"column\">\n\t\t\t<div class=\"elementor-widget-wrap elementor-element-populated\">\n\t\t\t\t\t\t<div data-dce-title-color=\"#FFFFFF\" class=\"elementor-element elementor-element-ebbfce1 elementor-widget elementor-widget-heading\" data-id=\"ebbfce1\" data-element_type=\"widget\" data-e-type=\"widget\" data-widget_type=\"heading.default\">\n\t\t\t\t<div class=\"elementor-widget-container\">\n\t\t\t\t\t<h2 class=\"elementor-heading-title elementor-size-default\">Assessing the impact of Community Social Pediatrics<\/h2>\t\t\t\t<\/div>\n\t\t\t\t<\/div>\n\t\t\t\t<div data-dce-title-color=\"#FFFFFF\" class=\"elementor-element elementor-element-7a0009a elementor-widget elementor-widget-heading\" data-id=\"7a0009a\" data-element_type=\"widget\" data-e-type=\"widget\" data-widget_type=\"heading.default\">\n\t\t\t\t<div class=\"elementor-widget-container\">\n\t\t\t\t\t<h3 class=\"elementor-heading-title elementor-size-default\">\u00c9valuation de la formation et de l\u2019int\u00e9gration des infirmiers et infirmi\u00e8res en p\u00e9diatrie sociale en communaut\u00e9<\/h3>\t\t\t\t<\/div>\n\t\t\t\t<\/div>\n\t\t\t\t\t<\/div>\n\t\t<\/div>\n\t\t\t\t\t<\/div>\n\t\t<\/section>\n\t\t\t\t<section class=\"elementor-section elementor-top-section elementor-element elementor-element-39a55a62 elementor-section-boxed elementor-section-height-default elementor-section-height-default\" data-id=\"39a55a62\" data-element_type=\"section\" data-e-type=\"section\">\n\t\t\t\t\t\t<div class=\"elementor-container elementor-column-gap-default\">\n\t\t\t\t\t<div class=\"elementor-column elementor-col-100 elementor-top-column elementor-element elementor-element-4e2b797b\" data-id=\"4e2b797b\" data-element_type=\"column\" data-e-type=\"column\">\n\t\t\t<div class=\"elementor-widget-wrap elementor-element-populated\">\n\t\t\t\t\t\t<div class=\"elementor-element elementor-element-652f1ce elementor-widget elementor-widget-heading\" data-id=\"652f1ce\" data-element_type=\"widget\" data-e-type=\"widget\" data-widget_type=\"heading.default\">\n\t\t\t\t<div class=\"elementor-widget-container\">\n\t\t\t\t\t<h3 class=\"elementor-heading-title elementor-size-default\">Abstract<\/h3>\t\t\t\t<\/div>\n\t\t\t\t<\/div>\n\t\t\t\t<div class=\"elementor-element elementor-element-3cee4711 elementor-widget elementor-widget-text-editor\" data-id=\"3cee4711\" data-element_type=\"widget\" data-e-type=\"widget\" data-widget_type=\"text-editor.default\">\n\t\t\t\t<div class=\"elementor-widget-container\">\n\t\t\t\t\t<div class=\"bb-theme-elementor-wrap bb-elementor-custom-family bb-elementor-custom-size bb-elementor-tablet-custom-size\">\t\t\t\t<p>En 2015, la Fondation du Dr Julien et le CSSS Lucille-Teasdale (maintenant CIUSSS de l\u2019Est) obtiennent une subvention de la Fondation de l\u2019Ordre des infirmi\u00e8res et infirmiers du Qu\u00e9bec pour mettre en place un projet visant l\u2019int\u00e9gration d\u2019infirmi\u00e8res et infirmiers cliniciens au sein de la p\u00e9diatrie sociale en communaut\u00e9 au Qu\u00e9bec.<\/p>\n<p>Dans un premier temps, ce projet a pour objectif de former les infirmi\u00e8res et infirmiers cliniciens \u00e0 la pratique interdisciplinaire de la p\u00e9diatrie sociale en communaut\u00e9 en facilitant l\u2019acquisition de comp\u00e9tences et d\u2019aptitudes leur permettant d\u2019intervenir aupr\u00e8s de populations vuln\u00e9rables. Dans un deuxi\u00e8me temps, le projet pr\u00e9voit int\u00e9grer des infirmi\u00e8res et infirmiers dans les \u00e9quipes de p\u00e9diatrie sociale en communaut\u00e9 et ainsi tester un projet pilote qui pourra par la suite \u00eatre d\u00e9ploy\u00e9 aupr\u00e8s des autres centres de p\u00e9diatrie sociale.<\/p>\n<p>Ce projet permettra de dresser un profil de l\u2019infirmi\u00e8re et infirmier en p\u00e9diatrie sociale en communaut\u00e9, de d\u00e9velopper un programme de formation adapt\u00e9 \u00e0 ces professionnels, de sensibiliser une centaine d\u2019entre eux et d\u2019en former une cinquantaine \u00e0 la pratique de la p\u00e9diatrie sociale en communaut\u00e9.<\/p>\n<p>Ultimement, l\u2019int\u00e9gration d\u2019infirmi\u00e8res et infirmiers au sein d\u2019\u00e9quipes de p\u00e9diatrie sociale en communaut\u00e9 vise \u00e0 accro\u00eetre l\u2019acc\u00e8s \u00e0 des services coh\u00e9rents pour les enfants issus d\u2019un milieu vuln\u00e9rable.<\/p>\n\t\t\t\t<\/div>\t\t\t\t<\/div>\n\t\t\t\t<\/div>\n\t\t\t\t\t<\/div>\n\t\t<\/div>\n\t\t\t\t\t<\/div>\n\t\t<\/section>\n\t\t\t\t<section class=\"elementor-section elementor-top-section elementor-element elementor-element-d4c33f0 elementor-section-boxed elementor-section-height-default elementor-section-height-default\" data-id=\"d4c33f0\" data-element_type=\"section\" data-e-type=\"section\">\n\t\t\t\t\t\t<div class=\"elementor-container elementor-column-gap-default\">\n\t\t\t\t\t<div class=\"elementor-column elementor-col-100 elementor-top-column elementor-element elementor-element-e8db242\" data-id=\"e8db242\" data-element_type=\"column\" data-e-type=\"column\">\n\t\t\t<div class=\"elementor-widget-wrap elementor-element-populated\">\n\t\t\t\t\t\t<div class=\"elementor-element elementor-element-9b03d74 elementor-widget elementor-widget-heading\" data-id=\"9b03d74\" data-element_type=\"widget\" data-e-type=\"widget\" data-widget_type=\"heading.default\">\n\t\t\t\t<div class=\"elementor-widget-container\">\n\t\t\t\t\t<h3 class=\"elementor-heading-title elementor-size-default\">For more information<\/h3>\t\t\t\t<\/div>\n\t\t\t\t<\/div>\n\t\t\t\t<div class=\"elementor-element elementor-element-f91abf1 elementor-widget elementor-widget-text-editor\" data-id=\"f91abf1\" data-element_type=\"widget\" data-e-type=\"widget\" data-widget_type=\"text-editor.default\">\n\t\t\t\t<div class=\"elementor-widget-container\">\n\t\t\t\t\t<div class=\"bb-theme-elementor-wrap bb-elementor-custom-family bb-elementor-custom-size bb-elementor-tablet-custom-size\">\t\t\t\t<p><a href=\"https:\/\/institutpediatriesociale.com\/wp-content\/uploads\/2020\/04\/Rapport-FINAL-Projet-infirmi%C3%A8res-01-08-17.pdf\" target=\"_blank\" rel=\"noopener\">Consultez le rapport final du projet infirmi\u00e8res<\/a><\/p>\n<p><a href=\"https:\/\/institutpediatriesociale.com\/wp-content\/uploads\/2020\/04\/2017_04_24_mod%C3%A8les_int%C3%A9gration_Infimi%C3%A8resPSC.pdf\" target=\"_blank\" rel=\"noopener\">Consultez le document \u00ab Mod\u00e8les d\u2019int\u00e9gration de l\u2019infirmi\u00e8re en p\u00e9diatrie sociale en communaut\u00e9<\/a><\/p>\n\t\t\t\t<\/div>\t\t\t\t<\/div>\n\t\t\t\t<\/div>\n\t\t\t\t\t<\/div>\n\t\t<\/div>\n\t\t\t\t\t<\/div>\n\t\t<\/section>\n\t\t\t\t<section class=\"elementor-section elementor-top-section elementor-element elementor-element-b393b85 elementor-section-boxed elementor-section-height-default elementor-section-height-default\" data-id=\"b393b85\" data-element_type=\"section\" data-e-type=\"section\">\n\t\t\t\t\t\t<div class=\"elementor-container elementor-column-gap-default\">\n\t\t\t\t\t<div class=\"elementor-column elementor-col-100 elementor-top-column elementor-element elementor-element-67bee7b\" data-id=\"67bee7b\" data-element_type=\"column\" data-e-type=\"column\">\n\t\t\t<div class=\"elementor-widget-wrap elementor-element-populated\">\n\t\t\t\t\t\t<div class=\"elementor-element elementor-element-dd21a61 elementor-widget elementor-widget-heading\" data-id=\"dd21a61\" data-element_type=\"widget\" data-e-type=\"widget\" data-widget_type=\"heading.default\">\n\t\t\t\t<div class=\"elementor-widget-container\">\n\t\t\t\t\t<h3 class=\"elementor-heading-title elementor-size-default\">Lenght:<\/h3>\t\t\t\t<\/div>\n\t\t\t\t<\/div>\n\t\t\t\t<div class=\"elementor-element elementor-element-06bf2f7 elementor-widget elementor-widget-text-editor\" data-id=\"06bf2f7\" data-element_type=\"widget\" data-e-type=\"widget\" data-widget_type=\"text-editor.default\">\n\t\t\t\t<div class=\"elementor-widget-container\">\n\t\t\t\t\t<div class=\"bb-theme-elementor-wrap bb-elementor-custom-family bb-elementor-custom-size bb-elementor-tablet-custom-size\">\t\t\t\t<p>2015 \u00e0 2017<\/p>\n\t\t\t\t<\/div>\t\t\t\t<\/div>\n\t\t\t\t<\/div>\n\t\t\t\t\t<\/div>\n\t\t<\/div>\n\t\t\t\t\t<\/div>\n\t\t<\/section>\n\t\t\t\t<section class=\"elementor-section elementor-top-section elementor-element elementor-element-293c950 elementor-section-boxed elementor-section-height-default elementor-section-height-default\" data-id=\"293c950\" data-element_type=\"section\" data-e-type=\"section\">\n\t\t\t\t\t\t<div class=\"elementor-container elementor-column-gap-default\">\n\t\t\t\t\t<div class=\"elementor-column elementor-col-100 elementor-top-column elementor-element elementor-element-f4257da\" data-id=\"f4257da\" data-element_type=\"column\" data-e-type=\"column\">\n\t\t\t<div class=\"elementor-widget-wrap elementor-element-populated\">\n\t\t\t\t\t\t<div class=\"elementor-element elementor-element-f655225 elementor-widget-divider--view-line elementor-widget elementor-widget-divider\" data-id=\"f655225\" data-element_type=\"widget\" data-e-type=\"widget\" data-widget_type=\"divider.default\">\n\t\t\t\t<div class=\"elementor-widget-container\">\n\t\t\t\t\t\t\t<div class=\"elementor-divider\">\n\t\t\t<span class=\"elementor-divider-separator\">\n\t\t\t\t\t\t<\/span>\n\t\t<\/div>\n\t\t\t\t\t\t<\/div>\n\t\t\t\t<\/div>\n\t\t\t\t<div class=\"elementor-element elementor-element-fa8c8ff elementor-widget elementor-widget-heading\" data-id=\"fa8c8ff\" data-element_type=\"widget\" data-e-type=\"widget\" data-widget_type=\"heading.default\">\n\t\t\t\t<div class=\"elementor-widget-container\">\n\t\t\t\t\t<div class=\"elementor-heading-title elementor-size-medium\">You may be interested in these resources<\/div>\t\t\t\t<\/div>\n\t\t\t\t<\/div>\n\t\t\t\t\t<\/div>\n\t\t<\/div>\n\t\t\t\t\t<\/div>\n\t\t<\/section>\n\t\t\t\t<section data-dce-background-color=\"#F6BC5A\" class=\"elementor-section elementor-top-section elementor-element elementor-element-23f95564 elementor-section-stretched elementor-section-full_width elementor-section-height-default elementor-section-height-default\" data-id=\"23f95564\" data-element_type=\"section\" data-e-type=\"section\" data-settings=\"{&quot;background_background&quot;:&quot;classic&quot;,&quot;stretch_section&quot;:&quot;section-stretched&quot;}\">\n\t\t\t\t\t\t<div class=\"elementor-container elementor-column-gap-no\">\n\t\t\t\t\t<div class=\"elementor-column elementor-col-100 elementor-top-column elementor-element elementor-element-f11b71d contenu-bloc\" data-id=\"f11b71d\" data-element_type=\"column\" data-e-type=\"column\">\n\t\t\t<div class=\"elementor-widget-wrap elementor-element-populated\">\n\t\t\t\t\t\t<div data-dce-title-color=\"#323250\" class=\"elementor-element elementor-element-7827779e elementor-widget elementor-widget-heading\" data-id=\"7827779e\" data-element_type=\"widget\" data-e-type=\"widget\" data-widget_type=\"heading.default\">\n\t\t\t\t<div class=\"elementor-widget-container\">\n\t\t\t\t\t<h2 class=\"elementor-heading-title elementor-size-default\">Ready to go?<\/h2>\t\t\t\t<\/div>\n\t\t\t\t<\/div>\n\t\t\t\t<div data-dce-background-color=\"#323250\" class=\"elementor-element elementor-element-ce10b05 elementor-align-center elementor-widget elementor-widget-global elementor-global-7379 elementor-global-5659 elementor-widget-button\" data-id=\"ce10b05\" data-element_type=\"widget\" data-e-type=\"widget\" data-widget_type=\"button.default\">\n\t\t\t\t<div class=\"elementor-widget-container\">\n\t\t\t\t\t\t\t\t\t<div class=\"elementor-button-wrapper\">\n\t\t\t\t\t<a class=\"elementor-button elementor-button-link elementor-size-sm\" href=\"https:\/\/institutpediatriesociale.com\/en\/registration\/\">\n\t\t\t\t\t\t<span class=\"elementor-button-content-wrapper\">\n\t\t\t\t\t\t\t\t\t<span class=\"elementor-button-text\">Click here<\/span>\n\t\t\t\t\t<\/span>\n\t\t\t\t\t<\/a>\n\t\t\t\t<\/div>\n\t\t\t\t\t\t\t\t<\/div>\n\t\t\t\t<\/div>\n\t\t\t\t\t<\/div>\n\t\t<\/div>\n\t\t\t\t\t<\/div>\n\t\t<\/section>\n\t\t\t\t<\/div>\n\t\t","protected":false},"excerpt":{"rendered":"<p>[Publication] Ce projet a permit de dresser un profil de l\u2019infirmi\u00e8re et infirmier en PSC, de d\u00e9velopper un programme de formation adapt\u00e9 \u00e0 ces&#8230;<\/p>\n","protected":false},"author":41,"featured_media":10203,"comment_status":"closed","ping_status":"closed","sticky":false,"template":"elementor_header_footer","format":"standard","meta":{"_acf_changed":false,"footnotes":""},"categories":[126,124,39],"tags":[177,129],"contribution":[],"class_list":["post-8003","post","type-post","status-publish","format-standard","has-post-thumbnail","hentry","category-evaluation-impacts-csp","category-evaluation-des-impacts-de-la-psc","category-publications","tag-interdisciplinarite-et-co-intervention-en","tag-pediatrie-sociale-en",""],"acf":[],"_links":{"self":[{"href":"https:\/\/institutpediatriesociale.com\/en\/wp-json\/wp\/v2\/posts\/8003","targetHints":{"allow":["GET"]}}],"collection":[{"href":"https:\/\/institutpediatriesociale.com\/en\/wp-json\/wp\/v2\/posts"}],"about":[{"href":"https:\/\/institutpediatriesociale.com\/en\/wp-json\/wp\/v2\/types\/post"}],"author":[{"embeddable":true,"href":"https:\/\/institutpediatriesociale.com\/en\/wp-json\/wp\/v2\/users\/41"}],"replies":[{"embeddable":true,"href":"https:\/\/institutpediatriesociale.com\/en\/wp-json\/wp\/v2\/comments?post=8003"}],"version-history":[{"count":0,"href":"https:\/\/institutpediatriesociale.com\/en\/wp-json\/wp\/v2\/posts\/8003\/revisions"}],"wp:featuredmedia":[{"embeddable":true,"href":"https:\/\/institutpediatriesociale.com\/en\/wp-json\/wp\/v2\/media\/10203"}],"wp:attachment":[{"href":"https:\/\/institutpediatriesociale.com\/en\/wp-json\/wp\/v2\/media?parent=8003"}],"wp:term":[{"taxonomy":"category","embeddable":true,"href":"https:\/\/institutpediatriesociale.com\/en\/wp-json\/wp\/v2\/categories?post=8003"},{"taxonomy":"post_tag","embeddable":true,"href":"https:\/\/institutpediatriesociale.com\/en\/wp-json\/wp\/v2\/tags?post=8003"},{"taxonomy":"contribution","embeddable":true,"href":"https:\/\/institutpediatriesociale.com\/en\/wp-json\/wp\/v2\/contribution?post=8003"}],"curies":[{"name":"wp","href":"https:\/\/api.w.org\/{rel}","templated":true}]}}