{"id":8080,"date":"2022-06-06T10:52:59","date_gmt":"2022-06-06T14:52:59","guid":{"rendered":"https:\/\/institutpediatriesociale.com\/non-classifiee\/evaluation-du-programme-acces-a-lecole-2\/"},"modified":"2022-06-06T11:10:41","modified_gmt":"2022-06-06T15:10:41","slug":"evaluation-du-programme-acces-a-lecole-2","status":"publish","type":"post","link":"https:\/\/institutpediatriesociale.com\/en\/publications-en\/evaluation-du-programme-acces-a-lecole-2\/","title":{"rendered":"\u00c9valuation du programme Acc\u00e8s \u00e0 l\u2019\u00e9cole"},"content":{"rendered":"\t\t<div data-elementor-type=\"wp-post\" data-elementor-id=\"8080\" class=\"elementor elementor-8080 elementor-4704\" data-elementor-post-type=\"post\">\n\t\t\t\t\t\t<section data-dce-background-color=\"#8ECDC0\" data-dce-background-image-url=\"https:\/\/institutpediatriesociale.com\/wp-content\/uploads\/2020\/04\/bandeau-impacts.jpg\" class=\"elementor-section elementor-top-section elementor-element elementor-element-900248e elementor-section-height-min-height elementor-section-boxed elementor-section-height-default elementor-section-items-middle\" data-id=\"900248e\" data-element_type=\"section\" data-e-type=\"section\" data-settings=\"{&quot;background_background&quot;:&quot;classic&quot;}\">\n\t\t\t\t\t\t\t<div class=\"elementor-background-overlay\"><\/div>\n\t\t\t\t\t\t\t<div class=\"elementor-container elementor-column-gap-default\">\n\t\t\t\t\t<div class=\"elementor-column elementor-col-100 elementor-top-column elementor-element elementor-element-3e25894\" data-id=\"3e25894\" data-element_type=\"column\" data-e-type=\"column\">\n\t\t\t<div class=\"elementor-widget-wrap elementor-element-populated\">\n\t\t\t\t\t\t<div data-dce-title-color=\"#FFFFFF\" class=\"elementor-element elementor-element-20dbd51 elementor-widget elementor-widget-heading\" data-id=\"20dbd51\" data-element_type=\"widget\" data-e-type=\"widget\" data-widget_type=\"heading.default\">\n\t\t\t\t<div class=\"elementor-widget-container\">\n\t\t\t\t\t<h2 class=\"elementor-heading-title elementor-size-default\">Assessing the impact of Community Social Pediatrics<\/h2>\t\t\t\t<\/div>\n\t\t\t\t<\/div>\n\t\t\t\t<div data-dce-title-color=\"#FFFFFF\" class=\"elementor-element elementor-element-d738479 elementor-widget elementor-widget-heading\" data-id=\"d738479\" data-element_type=\"widget\" data-e-type=\"widget\" data-widget_type=\"heading.default\">\n\t\t\t\t<div class=\"elementor-widget-container\">\n\t\t\t\t\t<h3 class=\"elementor-heading-title elementor-size-default\">\u00c9valuation du programme Acc\u00e8s \u00e0 l\u2019\u00e9cole<\/h3>\t\t\t\t<\/div>\n\t\t\t\t<\/div>\n\t\t\t\t\t<\/div>\n\t\t<\/div>\n\t\t\t\t\t<\/div>\n\t\t<\/section>\n\t\t\t\t<section class=\"elementor-section elementor-top-section elementor-element elementor-element-39a55a62 elementor-section-boxed elementor-section-height-default elementor-section-height-default\" data-id=\"39a55a62\" data-element_type=\"section\" data-e-type=\"section\">\n\t\t\t\t\t\t<div class=\"elementor-container elementor-column-gap-default\">\n\t\t\t\t\t<div class=\"elementor-column elementor-col-100 elementor-top-column elementor-element elementor-element-4e2b797b\" data-id=\"4e2b797b\" data-element_type=\"column\" data-e-type=\"column\">\n\t\t\t<div class=\"elementor-widget-wrap elementor-element-populated\">\n\t\t\t\t\t\t<div class=\"elementor-element elementor-element-652f1ce elementor-widget elementor-widget-heading\" data-id=\"652f1ce\" data-element_type=\"widget\" data-e-type=\"widget\" data-widget_type=\"heading.default\">\n\t\t\t\t<div class=\"elementor-widget-container\">\n\t\t\t\t\t<h3 class=\"elementor-heading-title elementor-size-default\">Abstract<\/h3>\t\t\t\t<\/div>\n\t\t\t\t<\/div>\n\t\t\t\t<div class=\"elementor-element elementor-element-3cee4711 elementor-widget elementor-widget-text-editor\" data-id=\"3cee4711\" data-element_type=\"widget\" data-e-type=\"widget\" data-widget_type=\"text-editor.default\">\n\t\t\t\t<div class=\"elementor-widget-container\">\n\t\t\t\t\t<div class=\"bb-theme-elementor-wrap bb-elementor-custom-family bb-elementor-custom-size bb-elementor-tablet-custom-size\">\t\t\t\t<p>Le programme <i>Acc\u00e8s \u00e0 l\u2019\u00e9cole a<\/i> \u00e9t\u00e9 initi\u00e9 en 2005 par le <a href=\"https:\/\/pediatriesociale.fondationdrjulien.org\/qui-sommes-nous\/#fondateur\" target=\"_blank\" rel=\"noopener noreferrer\">Dr Gilles Julien<\/a> et la direction de l\u2019\u00e9cole St-Pascal Baylon dans le quartier C\u00f4te-des-Neiges \u00e0 Montr\u00e9al. Il visait \u00e0 favoriser l\u2019int\u00e9gration des enfants \u00e0 la maternelle 4 ans. Il a \u00e9t\u00e9 con\u00e7u pour pr\u00e9venir des probl\u00e8mes importants observ\u00e9s lors de la rentr\u00e9e scolaire, notamment une faible ma\u00eetrise du fran\u00e7ais et une grande difficult\u00e9 de certains enfants \u00e0 se s\u00e9parer de leurs parents. \u00c9labor\u00e9 en partenariat entre des \u00e9coles et le centre de p\u00e9diatrie sociale en communaut\u00e9 de C\u00f4te-des-Neiges, le programme <g id=\"gid_2\">Acc\u00e8s \u00e0 l\u2019\u00e9cole <\/g>a rapidement suscit\u00e9 l\u2019int\u00e9r\u00eat de plusieurs autres milieux scolaires.   <\/p>\n<p>En 2008, le minist\u00e8re de l\u2019\u00c9ducation, du Loisir et du Sport octroyait une subvention au centre de p\u00e9diatrie sociale en communaut\u00e9 C\u00f4te-des-Neiges afin de soutenir l\u2019implantation du programme dans d\u2019autres \u00e9coles des quartiers C\u00f4te-des-Neiges et Hochelaga-Maisonneuve. En 2009, le programme \u00e9tait en place dans treize \u00e9coles. <\/p>\n<p>La subvention du minist\u00e8re pr\u00e9voyait \u00e9galement un montant pour proc\u00e9der \u00e0 l\u2019\u00e9valuation du programme. Celle-ci visait \u00e0 \u00e9valuer son implantation dans les \u00e9coles et en mesurer les effets sur les parents, les enfants et le milieu scolaire. <\/p>\n<p>L\u2019\u00e9valuation a d\u2019abord d\u00e9montr\u00e9 que le programme avait \u00e9t\u00e9 implant\u00e9 de mani\u00e8re conforme \u00e0 son mod\u00e8le th\u00e9orique et uniforme dans l\u2019ensemble des \u00e9coles.<\/p>\n<p>Quant aux effets, ils ont surtout \u00e9t\u00e9 ressentis aupr\u00e8s des enseignantes. Ils se situent principalement au niveau d\u2019une plus grande implication dans l\u2019\u00e9cole, d\u2019une meilleure pr\u00e9paration \u00e0 l\u2019accueil des \u00e9l\u00e8ves lors de la rentr\u00e9e, du sentiment d\u2019\u00eatre mieux outill\u00e9es pour intervenir, d\u2019une meilleure perception des enfants qui transitent en maternelle 4 ans et d\u2019une rentr\u00e9e facilit\u00e9e. <\/p>\n<p>Du c\u00f4t\u00e9 des parents, le programme aurait permis d\u2019obtenir les informations requises pour pr\u00e9parer leur enfant \u00e0 la rentr\u00e9e, et d\u2019anticiper avec une plus grande justesse le d\u00e9roulement de la rentr\u00e9e scolaire de ce dernier.<\/p>\n<p>Finalement, les mesures utilis\u00e9es pour rendre compte du d\u00e9veloppement des enfants n\u2019ont pas permis de d\u00e9celer d\u2019effets du programme quant au d\u00e9veloppement socioaffectif et \u00e0 la pr\u00e9paration cognitive des enfants \u00e0 l\u2019\u00e9cole, m\u00eame si les commentaires recueillis aupr\u00e8s des enseignantes \u00e9voquent certains effets.<\/p>\n<p>Les \u00e9valuateurs soulignent toutefois que l\u2019\u00e9valuation a permis d\u2019alimenter la r\u00e9flexion sur la mise en place de pratiques de transition dans les milieux \u00e9ducatifs.<\/p>\n\t\t\t\t<\/div>\t\t\t\t<\/div>\n\t\t\t\t<\/div>\n\t\t\t\t\t<\/div>\n\t\t<\/div>\n\t\t\t\t\t<\/div>\n\t\t<\/section>\n\t\t\t\t<section class=\"elementor-section elementor-top-section elementor-element elementor-element-d4c33f0 elementor-section-boxed elementor-section-height-default elementor-section-height-default\" data-id=\"d4c33f0\" data-element_type=\"section\" data-e-type=\"section\">\n\t\t\t\t\t\t<div class=\"elementor-container elementor-column-gap-default\">\n\t\t\t\t\t<div class=\"elementor-column elementor-col-100 elementor-top-column elementor-element elementor-element-e8db242\" data-id=\"e8db242\" data-element_type=\"column\" data-e-type=\"column\">\n\t\t\t<div class=\"elementor-widget-wrap elementor-element-populated\">\n\t\t\t\t\t\t<div class=\"elementor-element elementor-element-9b03d74 elementor-widget elementor-widget-heading\" data-id=\"9b03d74\" data-element_type=\"widget\" data-e-type=\"widget\" data-widget_type=\"heading.default\">\n\t\t\t\t<div class=\"elementor-widget-container\">\n\t\t\t\t\t<h3 class=\"elementor-heading-title elementor-size-default\">For more information<\/h3>\t\t\t\t<\/div>\n\t\t\t\t<\/div>\n\t\t\t\t<div class=\"elementor-element elementor-element-f91abf1 elementor-widget elementor-widget-text-editor\" data-id=\"f91abf1\" data-element_type=\"widget\" data-e-type=\"widget\" data-widget_type=\"text-editor.default\">\n\t\t\t\t<div class=\"elementor-widget-container\">\n\t\t\t\t\t<div class=\"bb-theme-elementor-wrap bb-elementor-custom-family bb-elementor-custom-size bb-elementor-tablet-custom-size\">\t\t\t\t<p><span style=\"text-decoration: underline;\"><a href=\"https:\/\/institutpediatriesociale.com\/wp-content\/uploads\/2020\/04\/Rapport_d%C3%A9valuation_implantation_AE.pdf\">\u00c9valuation du programme Acc\u00e8s \u00e0 l\u2019\u00e9cole &#8211; Analyse th\u00e9orique et \u00e9valuation de l\u2019implantation<\/a> <br \/><\/span><span style=\"text-decoration: underline;\"><a href=\"https:\/\/institutpediatriesociale.com\/wp-content\/uploads\/2020\/04\/Rapport_d%C3%A9valuation_des_effets_AE.pdf\">\u00c9valuation du programme Acc\u00e8s \u00e0 l\u2019\u00e9cole &#8211; \u00c9valuation des effets <\/a><\/span> <\/p>\n\t\t\t\t<\/div>\t\t\t\t<\/div>\n\t\t\t\t<\/div>\n\t\t\t\t\t<\/div>\n\t\t<\/div>\n\t\t\t\t\t<\/div>\n\t\t<\/section>\n\t\t\t\t<section class=\"elementor-section elementor-top-section elementor-element elementor-element-db5217b elementor-section-boxed elementor-section-height-default elementor-section-height-default\" data-id=\"db5217b\" data-element_type=\"section\" data-e-type=\"section\">\n\t\t\t\t\t\t<div class=\"elementor-container elementor-column-gap-default\">\n\t\t\t\t\t<div class=\"elementor-column elementor-col-100 elementor-top-column elementor-element elementor-element-bfa0d73\" data-id=\"bfa0d73\" data-element_type=\"column\" data-e-type=\"column\">\n\t\t\t<div class=\"elementor-widget-wrap elementor-element-populated\">\n\t\t\t\t\t\t<div class=\"elementor-element elementor-element-80ec27c elementor-widget elementor-widget-heading\" data-id=\"80ec27c\" data-element_type=\"widget\" data-e-type=\"widget\" data-widget_type=\"heading.default\">\n\t\t\t\t<div class=\"elementor-widget-container\">\n\t\t\t\t\t<h3 class=\"elementor-heading-title elementor-size-default\">Team<\/h3>\t\t\t\t<\/div>\n\t\t\t\t<\/div>\n\t\t\t\t<div class=\"elementor-element elementor-element-9036015 elementor-widget elementor-widget-text-editor\" data-id=\"9036015\" data-element_type=\"widget\" data-e-type=\"widget\" data-widget_type=\"text-editor.default\">\n\t\t\t\t<div class=\"elementor-widget-container\">\n\t\t\t\t\t<div class=\"bb-theme-elementor-wrap bb-elementor-custom-family bb-elementor-custom-size bb-elementor-tablet-custom-size\">\t\t\t\t<p>Gilles Cantin, professeur au d\u00e9partement d\u2019\u00e9ducation et p\u00e9dagogie, Universit\u00e9 du Qu\u00e9bec \u00e0 Montr\u00e9al.<\/p>\n<p>Caroline Bouchard, professeure au d\u00e9partement d\u2019\u00e9tudes sur l\u2019enseignement et l\u2019apprentissage, Universit\u00e9 Laval.<\/p>\n<p>Annie Charron, professeure au d\u00e9partement d\u2019\u00e9ducation et p\u00e9dagogie, Universit\u00e9 du Qu\u00e9bec \u00e0 Montr\u00e9al.<\/p>\n<p>Julie Lemire, professionnelle de recherche, Universit\u00e9 du Qu\u00e9bec \u00e0 Montr\u00e9al.<\/p>\n\t\t\t\t<\/div>\t\t\t\t<\/div>\n\t\t\t\t<\/div>\n\t\t\t\t\t<\/div>\n\t\t<\/div>\n\t\t\t\t\t<\/div>\n\t\t<\/section>\n\t\t\t\t<section class=\"elementor-section elementor-top-section elementor-element elementor-element-b393b85 elementor-section-boxed elementor-section-height-default elementor-section-height-default\" data-id=\"b393b85\" data-element_type=\"section\" data-e-type=\"section\">\n\t\t\t\t\t\t<div class=\"elementor-container elementor-column-gap-default\">\n\t\t\t\t\t<div class=\"elementor-column elementor-col-100 elementor-top-column elementor-element elementor-element-67bee7b\" data-id=\"67bee7b\" data-element_type=\"column\" data-e-type=\"column\">\n\t\t\t<div class=\"elementor-widget-wrap elementor-element-populated\">\n\t\t\t\t\t\t<div class=\"elementor-element elementor-element-dd21a61 elementor-widget elementor-widget-heading\" data-id=\"dd21a61\" data-element_type=\"widget\" data-e-type=\"widget\" data-widget_type=\"heading.default\">\n\t\t\t\t<div class=\"elementor-widget-container\">\n\t\t\t\t\t<h3 class=\"elementor-heading-title elementor-size-default\">Lenght:<\/h3>\t\t\t\t<\/div>\n\t\t\t\t<\/div>\n\t\t\t\t<div class=\"elementor-element elementor-element-06bf2f7 elementor-widget elementor-widget-text-editor\" data-id=\"06bf2f7\" data-element_type=\"widget\" data-e-type=\"widget\" data-widget_type=\"text-editor.default\">\n\t\t\t\t<div class=\"elementor-widget-container\">\n\t\t\t\t\t<div class=\"bb-theme-elementor-wrap bb-elementor-custom-family bb-elementor-custom-size bb-elementor-tablet-custom-size\">\t\t\t\t<p>2008 \u00e0 2011<\/p>\n\t\t\t\t<\/div>\t\t\t\t<\/div>\n\t\t\t\t<\/div>\n\t\t\t\t\t<\/div>\n\t\t<\/div>\n\t\t\t\t\t<\/div>\n\t\t<\/section>\n\t\t\t\t<section class=\"elementor-section elementor-top-section elementor-element elementor-element-b86edb6 elementor-section-boxed elementor-section-height-default elementor-section-height-default\" data-id=\"b86edb6\" data-element_type=\"section\" data-e-type=\"section\">\n\t\t\t\t\t\t<div class=\"elementor-container elementor-column-gap-default\">\n\t\t\t\t\t<div class=\"elementor-column elementor-col-100 elementor-top-column elementor-element elementor-element-2594dc3\" data-id=\"2594dc3\" data-element_type=\"column\" data-e-type=\"column\">\n\t\t\t<div class=\"elementor-widget-wrap elementor-element-populated\">\n\t\t\t\t\t\t<div class=\"elementor-element elementor-element-8c78922 elementor-widget elementor-widget-heading\" data-id=\"8c78922\" data-element_type=\"widget\" data-e-type=\"widget\" data-widget_type=\"heading.default\">\n\t\t\t\t<div class=\"elementor-widget-container\">\n\t\t\t\t\t<h3 class=\"elementor-heading-title elementor-size-default\">Bailleurs de fonds<\/h3>\t\t\t\t<\/div>\n\t\t\t\t<\/div>\n\t\t\t\t<div class=\"elementor-element elementor-element-7152a1b elementor-widget elementor-widget-text-editor\" data-id=\"7152a1b\" data-element_type=\"widget\" data-e-type=\"widget\" data-widget_type=\"text-editor.default\">\n\t\t\t\t<div class=\"elementor-widget-container\">\n\t\t\t\t\t<div class=\"bb-theme-elementor-wrap bb-elementor-custom-family bb-elementor-custom-size bb-elementor-tablet-custom-size\">\t\t\t\t<p>Minist\u00e8re de l\u2019\u00c9ducation, du Loisir et du Sport<\/p>\n\t\t\t\t<\/div>\t\t\t\t<\/div>\n\t\t\t\t<\/div>\n\t\t\t\t\t<\/div>\n\t\t<\/div>\n\t\t\t\t\t<\/div>\n\t\t<\/section>\n\t\t\t\t<section class=\"elementor-section elementor-top-section elementor-element elementor-element-5c39c9b elementor-section-boxed elementor-section-height-default elementor-section-height-default\" data-id=\"5c39c9b\" data-element_type=\"section\" data-e-type=\"section\">\n\t\t\t\t\t\t<div class=\"elementor-container elementor-column-gap-default\">\n\t\t\t\t\t<div class=\"elementor-column elementor-col-100 elementor-top-column elementor-element elementor-element-1d3be72\" data-id=\"1d3be72\" data-element_type=\"column\" data-e-type=\"column\">\n\t\t\t<div class=\"elementor-widget-wrap elementor-element-populated\">\n\t\t\t\t\t\t<div class=\"elementor-element elementor-element-17d86ea elementor-widget-divider--view-line elementor-widget elementor-widget-divider\" data-id=\"17d86ea\" data-element_type=\"widget\" data-e-type=\"widget\" data-widget_type=\"divider.default\">\n\t\t\t\t<div class=\"elementor-widget-container\">\n\t\t\t\t\t\t\t<div class=\"elementor-divider\">\n\t\t\t<span class=\"elementor-divider-separator\">\n\t\t\t\t\t\t<\/span>\n\t\t<\/div>\n\t\t\t\t\t\t<\/div>\n\t\t\t\t<\/div>\n\t\t\t\t<div class=\"elementor-element elementor-element-6196c2d elementor-widget elementor-widget-heading\" data-id=\"6196c2d\" data-element_type=\"widget\" data-e-type=\"widget\" data-widget_type=\"heading.default\">\n\t\t\t\t<div class=\"elementor-widget-container\">\n\t\t\t\t\t<div class=\"elementor-heading-title elementor-size-medium\">You may be interested in these resources<\/div>\t\t\t\t<\/div>\n\t\t\t\t<\/div>\n\t\t\t\t\t<\/div>\n\t\t<\/div>\n\t\t\t\t\t<\/div>\n\t\t<\/section>\n\t\t\t\t<section data-dce-background-color=\"#F6BC5A\" class=\"elementor-section elementor-top-section elementor-element elementor-element-23f95564 elementor-section-stretched elementor-section-full_width elementor-section-height-default elementor-section-height-default\" data-id=\"23f95564\" data-element_type=\"section\" data-e-type=\"section\" data-settings=\"{&quot;background_background&quot;:&quot;classic&quot;,&quot;stretch_section&quot;:&quot;section-stretched&quot;}\">\n\t\t\t\t\t\t<div class=\"elementor-container elementor-column-gap-no\">\n\t\t\t\t\t<div class=\"elementor-column elementor-col-100 elementor-top-column elementor-element elementor-element-f11b71d contenu-bloc\" data-id=\"f11b71d\" data-element_type=\"column\" data-e-type=\"column\">\n\t\t\t<div class=\"elementor-widget-wrap elementor-element-populated\">\n\t\t\t\t\t\t<div data-dce-title-color=\"#323250\" class=\"elementor-element elementor-element-7827779e elementor-widget elementor-widget-heading\" data-id=\"7827779e\" data-element_type=\"widget\" data-e-type=\"widget\" data-widget_type=\"heading.default\">\n\t\t\t\t<div class=\"elementor-widget-container\">\n\t\t\t\t\t<h2 class=\"elementor-heading-title elementor-size-default\">Ready to go?<\/h2>\t\t\t\t<\/div>\n\t\t\t\t<\/div>\n\t\t\t\t<div data-dce-background-color=\"#323250\" class=\"elementor-element elementor-element-6a14701 elementor-align-center elementor-widget elementor-widget-global elementor-global-7379 elementor-global-5659 elementor-widget-button\" data-id=\"6a14701\" data-element_type=\"widget\" data-e-type=\"widget\" data-widget_type=\"button.default\">\n\t\t\t\t<div class=\"elementor-widget-container\">\n\t\t\t\t\t\t\t\t\t<div class=\"elementor-button-wrapper\">\n\t\t\t\t\t<a class=\"elementor-button elementor-button-link elementor-size-sm\" href=\"https:\/\/institutpediatriesociale.com\/en\/registration\/\">\n\t\t\t\t\t\t<span class=\"elementor-button-content-wrapper\">\n\t\t\t\t\t\t\t\t\t<span class=\"elementor-button-text\">Click here<\/span>\n\t\t\t\t\t<\/span>\n\t\t\t\t\t<\/a>\n\t\t\t\t<\/div>\n\t\t\t\t\t\t\t\t<\/div>\n\t\t\t\t<\/div>\n\t\t\t\t\t<\/div>\n\t\t<\/div>\n\t\t\t\t\t<\/div>\n\t\t<\/section>\n\t\t\t\t<\/div>\n\t\t","protected":false},"excerpt":{"rendered":"<p>[Article scientifique] \u00c9labor\u00e9 en partenariat entre des \u00e9coles et le CPSC de C\u00f4te-des-Neiges, le programme Acc\u00e8s \u00e0 l\u2019\u00e9cole a rapidement suscit\u00e9 l\u2019int\u00e9r\u00eat de plusieurs autres milieux scolaires.<\/p>\n","protected":false},"author":41,"featured_media":17937,"comment_status":"closed","ping_status":"closed","sticky":false,"template":"elementor_header_footer","format":"standard","meta":{"_acf_changed":false,"footnotes":""},"categories":[59,126],"tags":[129],"contribution":[],"class_list":["post-8080","post","type-post","status-publish","format-standard","has-post-thumbnail","hentry","category-publications-en","category-evaluation-impacts-csp","tag-pediatrie-sociale-en",""],"acf":[],"_links":{"self":[{"href":"https:\/\/institutpediatriesociale.com\/en\/wp-json\/wp\/v2\/posts\/8080","targetHints":{"allow":["GET"]}}],"collection":[{"href":"https:\/\/institutpediatriesociale.com\/en\/wp-json\/wp\/v2\/posts"}],"about":[{"href":"https:\/\/institutpediatriesociale.com\/en\/wp-json\/wp\/v2\/types\/post"}],"author":[{"embeddable":true,"href":"https:\/\/institutpediatriesociale.com\/en\/wp-json\/wp\/v2\/users\/41"}],"replies":[{"embeddable":true,"href":"https:\/\/institutpediatriesociale.com\/en\/wp-json\/wp\/v2\/comments?post=8080"}],"version-history":[{"count":0,"href":"https:\/\/institutpediatriesociale.com\/en\/wp-json\/wp\/v2\/posts\/8080\/revisions"}],"wp:featuredmedia":[{"embeddable":true,"href":"https:\/\/institutpediatriesociale.com\/en\/wp-json\/wp\/v2\/media\/17937"}],"wp:attachment":[{"href":"https:\/\/institutpediatriesociale.com\/en\/wp-json\/wp\/v2\/media?parent=8080"}],"wp:term":[{"taxonomy":"category","embeddable":true,"href":"https:\/\/institutpediatriesociale.com\/en\/wp-json\/wp\/v2\/categories?post=8080"},{"taxonomy":"post_tag","embeddable":true,"href":"https:\/\/institutpediatriesociale.com\/en\/wp-json\/wp\/v2\/tags?post=8080"},{"taxonomy":"contribution","embeddable":true,"href":"https:\/\/institutpediatriesociale.com\/en\/wp-json\/wp\/v2\/contribution?post=8080"}],"curies":[{"name":"wp","href":"https:\/\/api.w.org\/{rel}","templated":true}]}}