{"id":8240,"date":"2021-11-30T11:14:52","date_gmt":"2021-11-30T16:14:52","guid":{"rendered":"https:\/\/institutpediatriesociale.com\/uncategorized\/trajectoires-episode-01-miguel\/"},"modified":"2021-11-30T11:14:52","modified_gmt":"2021-11-30T16:14:52","slug":"trajectoires-episode-01-miguel","status":"publish","type":"post","link":"https:\/\/institutpediatriesociale.com\/en\/podcasts\/trajectoires-episode-01-miguel\/","title":{"rendered":"Trajectoires &#8211; \u00c9pisode 01 : Miguel"},"content":{"rendered":"\t\t<div data-elementor-type=\"wp-post\" data-elementor-id=\"8240\" class=\"elementor elementor-8240 elementor-2107\" data-elementor-post-type=\"post\">\n\t\t\t\t\t\t<section data-dce-background-color=\"#8ECDC0\" data-dce-background-image-url=\"https:\/\/institutpediatriesociale.com\/wp-content\/uploads\/2020\/01\/Trajectoires-cover-fr-2.jpg\" class=\"elementor-section elementor-top-section elementor-element elementor-element-63840e1 elementor-section-height-min-height elementor-section-boxed elementor-section-height-default elementor-section-items-middle\" data-id=\"63840e1\" data-element_type=\"section\" data-e-type=\"section\" data-settings=\"{&quot;background_background&quot;:&quot;classic&quot;}\">\n\t\t\t\t\t\t\t<div class=\"elementor-background-overlay\"><\/div>\n\t\t\t\t\t\t\t<div class=\"elementor-container elementor-column-gap-default\">\n\t\t\t\t\t<div class=\"elementor-column elementor-col-100 elementor-top-column elementor-element elementor-element-e467a26\" data-id=\"e467a26\" data-element_type=\"column\" data-e-type=\"column\">\n\t\t\t<div class=\"elementor-widget-wrap elementor-element-populated\">\n\t\t\t\t\t\t<div data-dce-title-color=\"#FFFFFF\" class=\"elementor-element elementor-element-ddcf34b elementor-widget elementor-widget-heading\" data-id=\"ddcf34b\" data-element_type=\"widget\" data-e-type=\"widget\" data-widget_type=\"heading.default\">\n\t\t\t\t<div class=\"elementor-widget-container\">\n\t\t\t\t\t<h2 class=\"elementor-heading-title elementor-size-default\">Trajectoires - Le balado de l'IPSC<\/h2>\t\t\t\t<\/div>\n\t\t\t\t<\/div>\n\t\t\t\t<div data-dce-title-color=\"#FFFFFF\" class=\"elementor-element elementor-element-29ccfe2 elementor-widget elementor-widget-heading\" data-id=\"29ccfe2\" data-element_type=\"widget\" data-e-type=\"widget\" data-widget_type=\"heading.default\">\n\t\t\t\t<div class=\"elementor-widget-container\">\n\t\t\t\t\t<h3 class=\"elementor-heading-title elementor-size-default\">\u00c9pisode 01 : Miguel<\/h3>\t\t\t\t<\/div>\n\t\t\t\t<\/div>\n\t\t\t\t\t<\/div>\n\t\t<\/div>\n\t\t\t\t\t<\/div>\n\t\t<\/section>\n\t\t\t\t<section class=\"elementor-section elementor-top-section elementor-element elementor-element-56ab7b4a elementor-section-boxed elementor-section-height-default elementor-section-height-default\" data-id=\"56ab7b4a\" data-element_type=\"section\" data-e-type=\"section\">\n\t\t\t\t\t\t<div class=\"elementor-container elementor-column-gap-default\">\n\t\t\t\t\t<div class=\"elementor-column elementor-col-100 elementor-top-column elementor-element elementor-element-20f917f3\" data-id=\"20f917f3\" data-element_type=\"column\" data-e-type=\"column\">\n\t\t\t<div class=\"elementor-widget-wrap elementor-element-populated\">\n\t\t\t\t\t\t<div data-dce-text-color=\"#323250\" class=\"elementor-element elementor-element-70d8a26d elementor-widget elementor-widget-text-editor\" data-id=\"70d8a26d\" data-element_type=\"widget\" data-e-type=\"widget\" data-widget_type=\"text-editor.default\">\n\t\t\t\t<div class=\"elementor-widget-container\">\n\t\t\t\t\t<div class=\"bb-theme-elementor-wrap bb-elementor-custom-color bb-elementor-custom-family bb-elementor-custom-size bb-elementor-tablet-custom-size\">\t\t\t\t<h3>Description du balado<\/h3>\n<div>\n<p>Le balado <i>Trajectoires<\/i>, produit par la Fondation Dr Julien et r\u00e9alis\u00e9 par <i>L&#8217;institut de p\u00e9diatrie sociale en communaut\u00e9<\/i>, est une baladodiffusion p\u00e9dagogique, premi\u00e8re du genre au Qu\u00e9bec dans le milieu de la sant\u00e9.<\/p>\n<p>La premi\u00e8re saison de <i>Trajectoires<\/i> explore le suivi-accompagnement en p\u00e9diatrie sociale en communaut\u00e9. \u00c0 l&#8217;aide d&#8217;histoire de cas complexes et inspirantes, diff\u00e9rents intervenants \u00e9changent sur la nature de leur travail, sur leur expertise et sur leur compr\u00e9hension du suivi-accompagnement.<\/p>\n<p>Afin de pr\u00e9senter les r\u00e9alit\u00e9s diverses du Qu\u00e9bec, la premi\u00e8re saison parcourt 3 centres de p\u00e9diatrie sociale issus de communaut\u00e9s distinctes. D\u00e9couvrez les centres de p\u00e9diatrie sociale en communaut\u00e9 d&#8217;Hochelaga-Maisonneuve, de Mont-Laurier et de Qu\u00e9bec et apprenez-en plus sur la cr\u00e9ativit\u00e9 des intervenants qui y travaillent.<\/p>\n<\/div>\n\t\t\t\t<\/div>\t\t\t\t<\/div>\n\t\t\t\t<\/div>\n\t\t\t\t<div data-dce-text-color=\"#323250\" class=\"elementor-element elementor-element-387ffa4 elementor-widget elementor-widget-text-editor\" data-id=\"387ffa4\" data-element_type=\"widget\" data-e-type=\"widget\" data-widget_type=\"text-editor.default\">\n\t\t\t\t<div class=\"elementor-widget-container\">\n\t\t\t\t\t<div class=\"bb-theme-elementor-wrap bb-elementor-custom-color bb-elementor-custom-family bb-elementor-custom-size bb-elementor-tablet-custom-size\">\t\t\t\t<h3>Episode description<\/h3>\n<div>\n<p>Miguel est un jeune plein de talents qui, comme beaucoup trop d\u2019enfants, a un parcours de vie parsem\u00e9 d\u2019embuches qui mine le d\u00e9veloppement de son plein potentiel.<\/p>\n<p>Il est donc r\u00e9f\u00e9r\u00e9 au Centre de p\u00e9diatrie sociale en communaut\u00e9 d\u2019Hochelaga-Maisonneuve pour des probl\u00e8mes d\u2019anxi\u00e9t\u00e9, une faible estime de soi et un parcours scolaire compromis. Suivi pendant de plusieurs ann\u00e9es, le cas de Miguel nous permet d\u2019aborder des \u00e9l\u00e9ments chers en suivi-accompagnement en PSC : la co-intervention, la mise en \u00e9vidence des forces, le rythme de l\u2019enfant et la mise \u00e0 profit des moments informels.<\/p>\n<\/div>\n\t\t\t\t<\/div>\t\t\t\t<\/div>\n\t\t\t\t<\/div>\n\t\t\t\t<div data-dce-text-color=\"#323250\" class=\"elementor-element elementor-element-859aa4a elementor-widget elementor-widget-text-editor\" data-id=\"859aa4a\" data-element_type=\"widget\" data-e-type=\"widget\" data-widget_type=\"text-editor.default\">\n\t\t\t\t<div class=\"elementor-widget-container\">\n\t\t\t\t\t<div class=\"bb-theme-elementor-wrap bb-elementor-custom-color bb-elementor-custom-family bb-elementor-custom-size bb-elementor-tablet-custom-size\">\t\t\t\t<h3>Les intervenants<\/h3>\n<p>Vincent Beroard, \u00e9ducateur<br \/>\nV\u00e9ronik B\u00e9langer, \u00e9ducatrice<br \/>\nDr Gilles Julien, p\u00e9diatrie et directeur-clinique<br \/>\nPascale Taillefer, tutrice<br \/>\nSandrine Zuyderhoff, musicoth\u00e9rapeute<\/p>\n<p>Narration : Rosalie Julien<\/p>\n\t\t\t\t<\/div>\t\t\t\t<\/div>\n\t\t\t\t<\/div>\n\t\t<!-- dce invisible element 610c593 -->\t\t<div data-dce-text-color=\"#323250\" class=\"elementor-element elementor-element-6792b71 elementor-widget elementor-widget-text-editor\" data-id=\"6792b71\" data-element_type=\"widget\" data-e-type=\"widget\" data-widget_type=\"text-editor.default\">\n\t\t\t\t<div class=\"elementor-widget-container\">\n\t\t\t\t\t<div class=\"bb-theme-elementor-wrap bb-elementor-custom-color bb-elementor-custom-family bb-elementor-custom-size bb-elementor-tablet-custom-size\">\t\t\t\t<p>Afin de prot\u00e9ger l&#8217;enfant et sa famille, notez que seuls les professionnels de la p\u00e9diatrie sociale en communaut\u00e9 ont acc\u00e8s \u00e0 ce m\u00e9dia, et ce \u00e0 des fins p\u00e9dagogiques. Cette page est la seule fa\u00e7on de consulter cette ressource.<\/p>\n\t\t\t\t<\/div>\t\t\t\t<\/div>\n\t\t\t\t<\/div>\n\t\t\t\t<div data-dce-text-color=\"#323250\" class=\"elementor-element elementor-element-9e2d000 elementor-widget elementor-widget-text-editor\" data-id=\"9e2d000\" data-element_type=\"widget\" data-e-type=\"widget\" data-settings=\"{&quot;enabled_visibility&quot;:&quot;yes&quot;,&quot;dce_visibility_selected&quot;:&quot;hide&quot;}\" data-widget_type=\"text-editor.default\">\n\t\t\t\t<div class=\"elementor-widget-container\">\n\t\t\t\t\t<div class=\"bb-theme-elementor-wrap bb-elementor-custom-color bb-elementor-custom-family bb-elementor-custom-size bb-elementor-tablet-custom-size\">\t\t\t\t<p style=\"text-align: center;\"><span style=\"color: #800000;\">D\u00e9sol\u00e9, mais vous n&#8217;avez pas les autorisations requises.<\/span><\/p>\n\t\t\t\t<\/div>\t\t\t\t<\/div>\n\t\t\t\t<\/div>\n\t\t\t\t\t<\/div>\n\t\t<\/div>\n\t\t\t\t\t<\/div>\n\t\t<\/section>\n\t\t\t\t<section class=\"elementor-section elementor-top-section elementor-element elementor-element-7a83153c elementor-section-boxed elementor-section-height-default elementor-section-height-default\" data-id=\"7a83153c\" data-element_type=\"section\" data-e-type=\"section\">\n\t\t\t\t\t\t<div class=\"elementor-container elementor-column-gap-default\">\n\t\t\t\t\t<div class=\"elementor-column elementor-col-100 elementor-top-column elementor-element elementor-element-7544715d\" data-id=\"7544715d\" data-element_type=\"column\" data-e-type=\"column\">\n\t\t\t<div class=\"elementor-widget-wrap elementor-element-populated\">\n\t\t\t\t\t\t<div class=\"elementor-element elementor-element-74650376 elementor-widget-divider--view-line elementor-widget elementor-widget-divider\" data-id=\"74650376\" data-element_type=\"widget\" data-e-type=\"widget\" data-widget_type=\"divider.default\">\n\t\t\t\t<div class=\"elementor-widget-container\">\n\t\t\t\t\t\t\t<div class=\"elementor-divider\">\n\t\t\t<span class=\"elementor-divider-separator\">\n\t\t\t\t\t\t<\/span>\n\t\t<\/div>\n\t\t\t\t\t\t<\/div>\n\t\t\t\t<\/div>\n\t\t\t\t<div class=\"elementor-element elementor-element-6b91ade7 elementor-widget elementor-widget-heading\" data-id=\"6b91ade7\" data-element_type=\"widget\" data-e-type=\"widget\" data-widget_type=\"heading.default\">\n\t\t\t\t<div class=\"elementor-widget-container\">\n\t\t\t\t\t<div class=\"elementor-heading-title elementor-size-medium\">Complementary resources<\/div>\t\t\t\t<\/div>\n\t\t\t\t<\/div>\n\t\t\t\t<div class=\"elementor-element elementor-element-4bf5b5ef elementor-posts--align-left elementor-grid-3 elementor-grid-tablet-2 elementor-grid-mobile-1 elementor-posts--thumbnail-top elementor-widget elementor-widget-posts\" data-id=\"4bf5b5ef\" data-element_type=\"widget\" data-e-type=\"widget\" data-settings=\"{&quot;classic_columns&quot;:&quot;3&quot;,&quot;classic_columns_tablet&quot;:&quot;2&quot;,&quot;classic_columns_mobile&quot;:&quot;1&quot;,&quot;classic_row_gap&quot;:{&quot;unit&quot;:&quot;px&quot;,&quot;size&quot;:35,&quot;sizes&quot;:[]},&quot;classic_row_gap_tablet&quot;:{&quot;unit&quot;:&quot;px&quot;,&quot;size&quot;:&quot;&quot;,&quot;sizes&quot;:[]},&quot;classic_row_gap_mobile&quot;:{&quot;unit&quot;:&quot;px&quot;,&quot;size&quot;:&quot;&quot;,&quot;sizes&quot;:[]}}\" data-widget_type=\"posts.classic\">\n\t\t\t\t<div class=\"elementor-widget-container\">\n\t\t\t\t\t\t\t<div class=\"elementor-posts-container elementor-posts elementor-posts--skin-classic elementor-grid\" role=\"list\">\n\t\t\t\t<article class=\"elementor-post elementor-grid-item post-7385 sfwd-courses type-sfwd-courses status-publish has-post-thumbnail hentry tag-pediatrie-sociale-en ld_course_category-introductory-program ld_course_category-online-modality\" role=\"listitem\">\n\t\t\t\t<a class=\"elementor-post__thumbnail__link\" href=\"https:\/\/institutpediatriesociale.com\/en\/formations\/introduction-csp\/\" tabindex=\"-1\" >\n\t\t\t<div class=\"elementor-post__thumbnail\"><img fetchpriority=\"high\" decoding=\"async\" width=\"1000\" height=\"563\" src=\"https:\/\/institutpediatriesociale.com\/wp-content\/uploads\/2019\/12\/Online-training-Introduction-to-CSP.jpg\" class=\"attachment-full size-full wp-image-8274\" alt=\"Online training - Introduction to CSP\" srcset=\"https:\/\/institutpediatriesociale.com\/wp-content\/uploads\/2019\/12\/Online-training-Introduction-to-CSP.jpg 1000w, https:\/\/institutpediatriesociale.com\/wp-content\/uploads\/2019\/12\/Online-training-Introduction-to-CSP-300x169.jpg 300w, https:\/\/institutpediatriesociale.com\/wp-content\/uploads\/2019\/12\/Online-training-Introduction-to-CSP-768x432.jpg 768w, https:\/\/institutpediatriesociale.com\/wp-content\/uploads\/2019\/12\/Online-training-Introduction-to-CSP-400x225.jpg 400w, https:\/\/institutpediatriesociale.com\/wp-content\/uploads\/2019\/12\/Online-training-Introduction-to-CSP-624x351.jpg 624w, https:\/\/institutpediatriesociale.com\/wp-content\/uploads\/2019\/12\/Online-training-Introduction-to-CSP-600x338.jpg 600w\" sizes=\"(max-width: 1000px) 100vw, 1000px\" \/><\/div>\n\t\t<\/a>\n\t\t\t\t<div class=\"elementor-post__text\">\n\t\t\t\t<p class=\"elementor-post__title\">\n\t\t\t<a href=\"https:\/\/institutpediatriesociale.com\/en\/formations\/introduction-csp\/\" >\n\t\t\t\tIntroduction to Community Social Pediatrics\t\t\t<\/a>\n\t\t<\/p>\n\t\t\t\t<div class=\"elementor-post__excerpt\">\n\t\t\t<p>CSP is a model of integrated social medicine developed by Dr. Gilles Julien. Through this interactive journey, you discover the main themes, clinical approach, service continuum, unique features, philosophy and values of CSP.<\/p>\n\t\t<\/div>\n\t\t\n\t\t<a class=\"elementor-post__read-more\" href=\"https:\/\/institutpediatriesociale.com\/en\/formations\/introduction-csp\/\" aria-label=\"Read more about Introduction to Community Social Pediatrics\" tabindex=\"-1\" >\n\t\t\tView Resource \u00bb\t\t<\/a>\n\n\t\t\t\t<\/div>\n\t\t\t\t<\/article>\n\t\t\t\t<article class=\"elementor-post elementor-grid-item post-7625 post type-post status-publish format-standard has-post-thumbnail hentry category-videos-en category-case-studies tag-parental-bound-and-secure-attachment tag-pediatrie-sociale-en\" role=\"listitem\">\n\t\t\t\t<a class=\"elementor-post__thumbnail__link\" href=\"https:\/\/institutpediatriesociale.com\/en\/videos-en\/case-study-eric-and-attachment\/\" tabindex=\"-1\" >\n\t\t\t<div class=\"elementor-post__thumbnail\"><img decoding=\"async\" width=\"1000\" height=\"563\" src=\"https:\/\/institutpediatriesociale.com\/wp-content\/uploads\/2020\/01\/attachement-vignette-fr-2.jpg\" class=\"attachment-full size-full wp-image-3027\" alt=\"Histoire de cas - eric et &#039;attachement\" srcset=\"https:\/\/institutpediatriesociale.com\/wp-content\/uploads\/2020\/01\/attachement-vignette-fr-2.jpg 1000w, https:\/\/institutpediatriesociale.com\/wp-content\/uploads\/2020\/01\/attachement-vignette-fr-2-600x338.jpg 600w, https:\/\/institutpediatriesociale.com\/wp-content\/uploads\/2020\/01\/attachement-vignette-fr-2-300x169.jpg 300w, https:\/\/institutpediatriesociale.com\/wp-content\/uploads\/2020\/01\/attachement-vignette-fr-2-768x432.jpg 768w, https:\/\/institutpediatriesociale.com\/wp-content\/uploads\/2020\/01\/attachement-vignette-fr-2-400x225.jpg 400w, https:\/\/institutpediatriesociale.com\/wp-content\/uploads\/2020\/01\/attachement-vignette-fr-2-624x351.jpg 624w\" sizes=\"(max-width: 1000px) 100vw, 1000px\" \/><\/div>\n\t\t<\/a>\n\t\t\t\t<div class=\"elementor-post__text\">\n\t\t\t\t<p class=\"elementor-post__title\">\n\t\t\t<a href=\"https:\/\/institutpediatriesociale.com\/en\/videos-en\/case-study-eric-and-attachment\/\" >\n\t\t\t\tCase study : Eric and attachment\t\t\t<\/a>\n\t\t<\/p>\n\t\t\t\t<div class=\"elementor-post__excerpt\">\n\t\t\t<p>[Video] Through the story of Eric, Dr Julien explains how community social pediatrics proceeds to promote the development of a secure attachment in children.<\/p>\n\t\t<\/div>\n\t\t\n\t\t<a class=\"elementor-post__read-more\" href=\"https:\/\/institutpediatriesociale.com\/en\/videos-en\/case-study-eric-and-attachment\/\" aria-label=\"Read more about Case study : Eric and attachment\" tabindex=\"-1\" >\n\t\t\tView Resource \u00bb\t\t<\/a>\n\n\t\t\t\t<\/div>\n\t\t\t\t<\/article>\n\t\t\t\t<article class=\"elementor-post elementor-grid-item post-7653 post type-post status-publish format-standard has-post-thumbnail hentry category-videos-en category-case-studies tag-culture-identite-en tag-pediatrie-sociale-en tag-resilience-en\" role=\"listitem\">\n\t\t\t\t<a class=\"elementor-post__thumbnail__link\" href=\"https:\/\/institutpediatriesociale.com\/en\/videos-en\/case-study-catherine-vulnerability-and-resilience\/\" tabindex=\"-1\" >\n\t\t\t<div class=\"elementor-post__thumbnail\"><img decoding=\"async\" width=\"1000\" height=\"563\" src=\"https:\/\/institutpediatriesociale.com\/wp-content\/uploads\/2020\/01\/vuln\u00e9rabilit\u00e9-vignette-fr-2.jpg\" class=\"attachment-full size-full wp-image-3039\" alt=\"Catherine, la vuln\u00e9rabilit\u00e9 et la r\u00e9silience\u200b\" srcset=\"https:\/\/institutpediatriesociale.com\/wp-content\/uploads\/2020\/01\/vuln\u00e9rabilit\u00e9-vignette-fr-2.jpg 1000w, https:\/\/institutpediatriesociale.com\/wp-content\/uploads\/2020\/01\/vuln\u00e9rabilit\u00e9-vignette-fr-2-600x338.jpg 600w, https:\/\/institutpediatriesociale.com\/wp-content\/uploads\/2020\/01\/vuln\u00e9rabilit\u00e9-vignette-fr-2-300x169.jpg 300w, https:\/\/institutpediatriesociale.com\/wp-content\/uploads\/2020\/01\/vuln\u00e9rabilit\u00e9-vignette-fr-2-768x432.jpg 768w, https:\/\/institutpediatriesociale.com\/wp-content\/uploads\/2020\/01\/vuln\u00e9rabilit\u00e9-vignette-fr-2-400x225.jpg 400w, https:\/\/institutpediatriesociale.com\/wp-content\/uploads\/2020\/01\/vuln\u00e9rabilit\u00e9-vignette-fr-2-624x351.jpg 624w\" sizes=\"(max-width: 1000px) 100vw, 1000px\" \/><\/div>\n\t\t<\/a>\n\t\t\t\t<div class=\"elementor-post__text\">\n\t\t\t\t<p class=\"elementor-post__title\">\n\t\t\t<a href=\"https:\/\/institutpediatriesociale.com\/en\/videos-en\/case-study-catherine-vulnerability-and-resilience\/\" >\n\t\t\t\tCase study: Catherine, vulnerability and resilience\t\t\t<\/a>\n\t\t<\/p>\n\t\t\t\t<div class=\"elementor-post__excerpt\">\n\t\t\t<p>[Video] In this short video, Dr. Julien describes how community social pediatrics will leverage on Catherine\u2019s strengths and resilience to address the state of vulnerability in which she finds herself.<\/p>\n\t\t<\/div>\n\t\t\n\t\t<a class=\"elementor-post__read-more\" href=\"https:\/\/institutpediatriesociale.com\/en\/videos-en\/case-study-catherine-vulnerability-and-resilience\/\" aria-label=\"Read more about Case study: Catherine, vulnerability and resilience\" tabindex=\"-1\" >\n\t\t\tView Resource \u00bb\t\t<\/a>\n\n\t\t\t\t<\/div>\n\t\t\t\t<\/article>\n\t\t\t\t<\/div>\n\t\t\n\t\t\t\t\t\t<\/div>\n\t\t\t\t<\/div>\n\t\t\t\t\t<\/div>\n\t\t<\/div>\n\t\t\t\t\t<\/div>\n\t\t<\/section>\n\t\t\t\t<section data-dce-background-color=\"#F6BC5A\" class=\"elementor-section elementor-top-section elementor-element elementor-element-602b9bf8 elementor-section-stretched elementor-section-full_width elementor-section-height-default elementor-section-height-default\" data-id=\"602b9bf8\" data-element_type=\"section\" data-e-type=\"section\" data-settings=\"{&quot;background_background&quot;:&quot;classic&quot;,&quot;stretch_section&quot;:&quot;section-stretched&quot;}\">\n\t\t\t\t\t\t<div class=\"elementor-container elementor-column-gap-no\">\n\t\t\t\t\t<div class=\"elementor-column elementor-col-100 elementor-top-column elementor-element elementor-element-436487bc contenu-bloc\" data-id=\"436487bc\" data-element_type=\"column\" data-e-type=\"column\">\n\t\t\t<div class=\"elementor-widget-wrap elementor-element-populated\">\n\t\t\t\t\t\t<div data-dce-title-color=\"#323250\" class=\"elementor-element elementor-element-5f0cd8db elementor-widget elementor-widget-heading\" data-id=\"5f0cd8db\" data-element_type=\"widget\" data-e-type=\"widget\" data-widget_type=\"heading.default\">\n\t\t\t\t<div class=\"elementor-widget-container\">\n\t\t\t\t\t<h2 class=\"elementor-heading-title elementor-size-default\">Ready to go?<\/h2>\t\t\t\t<\/div>\n\t\t\t\t<\/div>\n\t\t\t\t<div data-dce-background-color=\"#323250\" class=\"elementor-element elementor-element-a4238cb elementor-align-center elementor-widget elementor-widget-global elementor-global-7379 elementor-global-5659 elementor-widget-button\" data-id=\"a4238cb\" data-element_type=\"widget\" data-e-type=\"widget\" data-widget_type=\"button.default\">\n\t\t\t\t<div class=\"elementor-widget-container\">\n\t\t\t\t\t\t\t\t\t<div class=\"elementor-button-wrapper\">\n\t\t\t\t\t<a class=\"elementor-button elementor-button-link elementor-size-sm\" href=\"https:\/\/institutpediatriesociale.com\/en\/registration\/\">\n\t\t\t\t\t\t<span class=\"elementor-button-content-wrapper\">\n\t\t\t\t\t\t\t\t\t<span class=\"elementor-button-text\">Click here<\/span>\n\t\t\t\t\t<\/span>\n\t\t\t\t\t<\/a>\n\t\t\t\t<\/div>\n\t\t\t\t\t\t\t\t<\/div>\n\t\t\t\t<\/div>\n\t\t\t\t\t<\/div>\n\t\t<\/div>\n\t\t\t\t\t<\/div>\n\t\t<\/section>\n\t\t\t\t<\/div>\n\t\t","protected":false},"excerpt":{"rendered":"<p>[Podcast &#8211; French] Suivi pendant de plusieurs ann\u00e9es, le cas de Miguel nous permet d\u2019aborder des \u00e9l\u00e9ments chers en suivi-accompagnement en PSC : la co-intervention, la mise en \u00e9vidence des forces, le rythme de l\u2019enfant et la mise \u00e0 profit des moments informels.<\/p>\n","protected":false},"author":41,"featured_media":14645,"comment_status":"closed","ping_status":"closed","sticky":false,"template":"elementor_header_footer","format":"standard","meta":{"_acf_changed":false,"footnotes":""},"categories":[148,149],"tags":[129,176],"contribution":[],"class_list":["post-8240","post","type-post","status-publish","format-standard","has-post-thumbnail","hentry","category-podcasts","category-institute-podcast","tag-pediatrie-sociale-en","tag-resilience-en",""],"acf":[],"_links":{"self":[{"href":"https:\/\/institutpediatriesociale.com\/en\/wp-json\/wp\/v2\/posts\/8240","targetHints":{"allow":["GET"]}}],"collection":[{"href":"https:\/\/institutpediatriesociale.com\/en\/wp-json\/wp\/v2\/posts"}],"about":[{"href":"https:\/\/institutpediatriesociale.com\/en\/wp-json\/wp\/v2\/types\/post"}],"author":[{"embeddable":true,"href":"https:\/\/institutpediatriesociale.com\/en\/wp-json\/wp\/v2\/users\/41"}],"replies":[{"embeddable":true,"href":"https:\/\/institutpediatriesociale.com\/en\/wp-json\/wp\/v2\/comments?post=8240"}],"version-history":[{"count":0,"href":"https:\/\/institutpediatriesociale.com\/en\/wp-json\/wp\/v2\/posts\/8240\/revisions"}],"wp:featuredmedia":[{"embeddable":true,"href":"https:\/\/institutpediatriesociale.com\/en\/wp-json\/wp\/v2\/media\/14645"}],"wp:attachment":[{"href":"https:\/\/institutpediatriesociale.com\/en\/wp-json\/wp\/v2\/media?parent=8240"}],"wp:term":[{"taxonomy":"category","embeddable":true,"href":"https:\/\/institutpediatriesociale.com\/en\/wp-json\/wp\/v2\/categories?post=8240"},{"taxonomy":"post_tag","embeddable":true,"href":"https:\/\/institutpediatriesociale.com\/en\/wp-json\/wp\/v2\/tags?post=8240"},{"taxonomy":"contribution","embeddable":true,"href":"https:\/\/institutpediatriesociale.com\/en\/wp-json\/wp\/v2\/contribution?post=8240"}],"curies":[{"name":"wp","href":"https:\/\/api.w.org\/{rel}","templated":true}]}}